{"id":1518,"date":"2025-01-23T12:09:34","date_gmt":"2025-01-23T11:09:34","guid":{"rendered":"https:\/\/www.adembi.org\/variante-genetica-asociada-a-la-em-progresiva\/"},"modified":"2025-03-25T15:51:54","modified_gmt":"2025-03-25T14:51:54","slug":"esklerosi-anizkoitzaren-progresioari-lotutako-lehen-aldaera-genetikoa-identifikatu-dute","status":"publish","type":"post","link":"https:\/\/www.adembi.org\/eu\/esklerosi-anizkoitzaren-progresioari-lotutako-lehen-aldaera-genetikoa-identifikatu-dute\/","title":{"rendered":"MS progresiboarekin lotutako aldaera genetikoa"},"content":{"rendered":"","protected":false},"excerpt":{"rendered":"","protected":false},"author":1,"featured_media":1398,"comment_status":"closed","ping_status":"open","sticky":false,"template":"","format":"standard","meta":{"_acf_changed":false,"footnotes":""},"categories":[67,68,69,65,70,71,72,73,66,74,75,76,77,78,79,80,81,82,83],"tags":[],"class_list":["post-1518","post","type-post","status-publish","format-standard","has-post-thumbnail","hentry","category-dolor-eu","category-esperanza-de-vida-eu","category-familia-y-relaciones-eu","category-habitos-eu","category-joven-eu","category-la-esclerosis-multiple-eu","category-mayor-eu","category-mi-autonomia-eu","category-mi-bienestar-eu","category-mi-deterioro-cognitivo-eu","category-mi-dia-a-dia-eu","category-mi-economia-eu","category-mi-habla-eu","category-mi-movilidad-eu","category-que-puedo-hacer-eu","category-recien-diagnosticado-eu","category-trabajo-eu","category-un-familiar-cercano-eu","category-yo-y-la-esclerosis-multiple-eu"],"acf":[],"yoast_head":"<!-- This site is optimized with the Yoast SEO plugin v27.4 - https:\/\/yoast.com\/product\/yoast-seo-wordpress\/ -->\n<title>MS progresiboarekin lotutako aldaera genetikoa - adembi<\/title>\n<meta name=\"robots\" content=\"index, follow, max-snippet:-1, max-image-preview:large, max-video-preview:-1\" \/>\n<link rel=\"canonical\" href=\"https:\/\/www.adembi.org\/eu\/esklerosi-anizkoitzaren-progresioari-lotutako-lehen-aldaera-genetikoa-identifikatu-dute\/\" \/>\n<meta property=\"og:locale\" content=\"eu_ES\" \/>\n<meta property=\"og:type\" content=\"article\" \/>\n<meta property=\"og:title\" content=\"MS progresiboarekin lotutako aldaera genetikoa - adembi\" \/>\n<meta property=\"og:url\" content=\"https:\/\/www.adembi.org\/eu\/esklerosi-anizkoitzaren-progresioari-lotutako-lehen-aldaera-genetikoa-identifikatu-dute\/\" \/>\n<meta property=\"og:site_name\" content=\"adembi\" \/>\n<meta property=\"article:published_time\" content=\"2025-01-23T11:09:34+00:00\" \/>\n<meta property=\"article:modified_time\" content=\"2025-03-25T14:51:54+00:00\" \/>\n<meta property=\"og:image\" content=\"https:\/\/www.adembi.org\/wp-content\/uploads\/2025\/01\/variante-genetica.jpg\" \/>\n\t<meta property=\"og:image:width\" content=\"1000\" \/>\n\t<meta property=\"og:image:height\" content=\"1498\" \/>\n\t<meta property=\"og:image:type\" content=\"image\/jpeg\" \/>\n<meta name=\"author\" content=\"admin_cima\" \/>\n<meta name=\"twitter:card\" content=\"summary_large_image\" \/>\n<meta name=\"twitter:label1\" content=\"Written by\" \/>\n\t<meta name=\"twitter:data1\" content=\"admin_cima\" \/>\n\t<meta name=\"twitter:label2\" content=\"Est. reading time\" \/>\n\t<meta name=\"twitter:data2\" content=\"1 minute\" \/>\n<script type=\"application\/ld+json\" class=\"yoast-schema-graph\">{\"@context\":\"https:\\\/\\\/schema.org\",\"@graph\":[{\"@type\":\"Article\",\"@id\":\"https:\\\/\\\/www.adembi.org\\\/eu\\\/esklerosi-anizkoitzaren-progresioari-lotutako-lehen-aldaera-genetikoa-identifikatu-dute\\\/#article\",\"isPartOf\":{\"@id\":\"https:\\\/\\\/www.adembi.org\\\/eu\\\/esklerosi-anizkoitzaren-progresioari-lotutako-lehen-aldaera-genetikoa-identifikatu-dute\\\/\"},\"author\":{\"name\":\"admin_cima\",\"@id\":\"https:\\\/\\\/www.adembi.org\\\/eu\\\/#\\\/schema\\\/person\\\/44ff137fbcb302cc8533efc8c4cf5a64\"},\"headline\":\"MS progresiboarekin lotutako aldaera genetikoa\",\"datePublished\":\"2025-01-23T11:09:34+00:00\",\"dateModified\":\"2025-03-25T14:51:54+00:00\",\"mainEntityOfPage\":{\"@id\":\"https:\\\/\\\/www.adembi.org\\\/eu\\\/esklerosi-anizkoitzaren-progresioari-lotutako-lehen-aldaera-genetikoa-identifikatu-dute\\\/\"},\"wordCount\":5,\"publisher\":{\"@id\":\"https:\\\/\\\/www.adembi.org\\\/eu\\\/#organization\"},\"image\":{\"@id\":\"https:\\\/\\\/www.adembi.org\\\/eu\\\/esklerosi-anizkoitzaren-progresioari-lotutako-lehen-aldaera-genetikoa-identifikatu-dute\\\/#primaryimage\"},\"thumbnailUrl\":\"https:\\\/\\\/www.adembi.org\\\/wp-content\\\/uploads\\\/2025\\\/01\\\/variante-genetica.jpg\",\"articleSection\":[\"Dolor\",\"Esperanza de vida\",\"Familia y relaciones\",\"H\u00e1bitos\",\"Joven\",\"La Esclerosis M\u00faltiple\",\"Mayor\",\"Mi autonom\u00eda\",\"Mi bienestar\",\"Mi deterioro cognitivo\",\"Mi d\u00eda a d\u00eda\",\"Mi econom\u00eda\",\"Mi habla\",\"Mi movilidad\",\"Qu\u00e9 puedo hacer\",\"Reci\u00e9n diagnosticado\",\"Trabajo\",\"Un familiar cercano\",\"Yo y la Esclerosis M\u00faltiple\"],\"inLanguage\":\"eu-ES\"},{\"@type\":\"WebPage\",\"@id\":\"https:\\\/\\\/www.adembi.org\\\/eu\\\/esklerosi-anizkoitzaren-progresioari-lotutako-lehen-aldaera-genetikoa-identifikatu-dute\\\/\",\"url\":\"https:\\\/\\\/www.adembi.org\\\/eu\\\/esklerosi-anizkoitzaren-progresioari-lotutako-lehen-aldaera-genetikoa-identifikatu-dute\\\/\",\"name\":\"MS progresiboarekin lotutako aldaera genetikoa - adembi\",\"isPartOf\":{\"@id\":\"https:\\\/\\\/www.adembi.org\\\/eu\\\/#website\"},\"primaryImageOfPage\":{\"@id\":\"https:\\\/\\\/www.adembi.org\\\/eu\\\/esklerosi-anizkoitzaren-progresioari-lotutako-lehen-aldaera-genetikoa-identifikatu-dute\\\/#primaryimage\"},\"image\":{\"@id\":\"https:\\\/\\\/www.adembi.org\\\/eu\\\/esklerosi-anizkoitzaren-progresioari-lotutako-lehen-aldaera-genetikoa-identifikatu-dute\\\/#primaryimage\"},\"thumbnailUrl\":\"https:\\\/\\\/www.adembi.org\\\/wp-content\\\/uploads\\\/2025\\\/01\\\/variante-genetica.jpg\",\"datePublished\":\"2025-01-23T11:09:34+00:00\",\"dateModified\":\"2025-03-25T14:51:54+00:00\",\"breadcrumb\":{\"@id\":\"https:\\\/\\\/www.adembi.org\\\/eu\\\/esklerosi-anizkoitzaren-progresioari-lotutako-lehen-aldaera-genetikoa-identifikatu-dute\\\/#breadcrumb\"},\"inLanguage\":\"eu-ES\",\"potentialAction\":[{\"@type\":\"ReadAction\",\"target\":[\"https:\\\/\\\/www.adembi.org\\\/eu\\\/esklerosi-anizkoitzaren-progresioari-lotutako-lehen-aldaera-genetikoa-identifikatu-dute\\\/\"]}]},{\"@type\":\"ImageObject\",\"inLanguage\":\"eu-ES\",\"@id\":\"https:\\\/\\\/www.adembi.org\\\/eu\\\/esklerosi-anizkoitzaren-progresioari-lotutako-lehen-aldaera-genetikoa-identifikatu-dute\\\/#primaryimage\",\"url\":\"https:\\\/\\\/www.adembi.org\\\/wp-content\\\/uploads\\\/2025\\\/01\\\/variante-genetica.jpg\",\"contentUrl\":\"https:\\\/\\\/www.adembi.org\\\/wp-content\\\/uploads\\\/2025\\\/01\\\/variante-genetica.jpg\",\"width\":1000,\"height\":1498},{\"@type\":\"BreadcrumbList\",\"@id\":\"https:\\\/\\\/www.adembi.org\\\/eu\\\/esklerosi-anizkoitzaren-progresioari-lotutako-lehen-aldaera-genetikoa-identifikatu-dute\\\/#breadcrumb\",\"itemListElement\":[{\"@type\":\"ListItem\",\"position\":1,\"name\":\"Portada\",\"item\":\"https:\\\/\\\/www.adembi.org\\\/eu\\\/\"},{\"@type\":\"ListItem\",\"position\":2,\"name\":\"MS progresiboarekin lotutako aldaera genetikoa\"}]},{\"@type\":\"WebSite\",\"@id\":\"https:\\\/\\\/www.adembi.org\\\/eu\\\/#website\",\"url\":\"https:\\\/\\\/www.adembi.org\\\/eu\\\/\",\"name\":\"adembi\",\"description\":\"\",\"publisher\":{\"@id\":\"https:\\\/\\\/www.adembi.org\\\/eu\\\/#organization\"},\"potentialAction\":[{\"@type\":\"SearchAction\",\"target\":{\"@type\":\"EntryPoint\",\"urlTemplate\":\"https:\\\/\\\/www.adembi.org\\\/eu\\\/?s={search_term_string}\"},\"query-input\":{\"@type\":\"PropertyValueSpecification\",\"valueRequired\":true,\"valueName\":\"search_term_string\"}}],\"inLanguage\":\"eu-ES\"},{\"@type\":\"Organization\",\"@id\":\"https:\\\/\\\/www.adembi.org\\\/eu\\\/#organization\",\"name\":\"adembi\",\"url\":\"https:\\\/\\\/www.adembi.org\\\/eu\\\/\",\"logo\":{\"@type\":\"ImageObject\",\"inLanguage\":\"eu-ES\",\"@id\":\"https:\\\/\\\/www.adembi.org\\\/eu\\\/#\\\/schema\\\/logo\\\/image\\\/\",\"url\":\"https:\\\/\\\/www.adembi.org\\\/wp-content\\\/uploads\\\/2025\\\/02\\\/adembi-logo.png\",\"contentUrl\":\"https:\\\/\\\/www.adembi.org\\\/wp-content\\\/uploads\\\/2025\\\/02\\\/adembi-logo.png\",\"width\":718,\"height\":84,\"caption\":\"adembi\"},\"image\":{\"@id\":\"https:\\\/\\\/www.adembi.org\\\/eu\\\/#\\\/schema\\\/logo\\\/image\\\/\"}},{\"@type\":\"Person\",\"@id\":\"https:\\\/\\\/www.adembi.org\\\/eu\\\/#\\\/schema\\\/person\\\/44ff137fbcb302cc8533efc8c4cf5a64\",\"name\":\"admin_cima\",\"sameAs\":[\"http:\\\/\\\/adembi.org\"],\"url\":\"https:\\\/\\\/www.adembi.org\\\/eu\\\/author\\\/admin_cima\\\/\"}]}<\/script>\n<!-- \/ Yoast SEO plugin. -->","yoast_head_json":{"title":"MS progresiboarekin lotutako aldaera genetikoa - adembi","robots":{"index":"index","follow":"follow","max-snippet":"max-snippet:-1","max-image-preview":"max-image-preview:large","max-video-preview":"max-video-preview:-1"},"canonical":"https:\/\/www.adembi.org\/eu\/esklerosi-anizkoitzaren-progresioari-lotutako-lehen-aldaera-genetikoa-identifikatu-dute\/","og_locale":"eu_ES","og_type":"article","og_title":"MS progresiboarekin lotutako aldaera genetikoa - adembi","og_url":"https:\/\/www.adembi.org\/eu\/esklerosi-anizkoitzaren-progresioari-lotutako-lehen-aldaera-genetikoa-identifikatu-dute\/","og_site_name":"adembi","article_published_time":"2025-01-23T11:09:34+00:00","article_modified_time":"2025-03-25T14:51:54+00:00","og_image":[{"width":1000,"height":1498,"url":"https:\/\/www.adembi.org\/wp-content\/uploads\/2025\/01\/variante-genetica.jpg","type":"image\/jpeg"}],"author":"admin_cima","twitter_card":"summary_large_image","twitter_misc":{"Written by":"admin_cima","Est. reading time":"1 minute"},"schema":{"@context":"https:\/\/schema.org","@graph":[{"@type":"Article","@id":"https:\/\/www.adembi.org\/eu\/esklerosi-anizkoitzaren-progresioari-lotutako-lehen-aldaera-genetikoa-identifikatu-dute\/#article","isPartOf":{"@id":"https:\/\/www.adembi.org\/eu\/esklerosi-anizkoitzaren-progresioari-lotutako-lehen-aldaera-genetikoa-identifikatu-dute\/"},"author":{"name":"admin_cima","@id":"https:\/\/www.adembi.org\/eu\/#\/schema\/person\/44ff137fbcb302cc8533efc8c4cf5a64"},"headline":"MS progresiboarekin lotutako aldaera genetikoa","datePublished":"2025-01-23T11:09:34+00:00","dateModified":"2025-03-25T14:51:54+00:00","mainEntityOfPage":{"@id":"https:\/\/www.adembi.org\/eu\/esklerosi-anizkoitzaren-progresioari-lotutako-lehen-aldaera-genetikoa-identifikatu-dute\/"},"wordCount":5,"publisher":{"@id":"https:\/\/www.adembi.org\/eu\/#organization"},"image":{"@id":"https:\/\/www.adembi.org\/eu\/esklerosi-anizkoitzaren-progresioari-lotutako-lehen-aldaera-genetikoa-identifikatu-dute\/#primaryimage"},"thumbnailUrl":"https:\/\/www.adembi.org\/wp-content\/uploads\/2025\/01\/variante-genetica.jpg","articleSection":["Dolor","Esperanza de vida","Familia y relaciones","H\u00e1bitos","Joven","La Esclerosis M\u00faltiple","Mayor","Mi autonom\u00eda","Mi bienestar","Mi deterioro cognitivo","Mi d\u00eda a d\u00eda","Mi econom\u00eda","Mi habla","Mi movilidad","Qu\u00e9 puedo hacer","Reci\u00e9n diagnosticado","Trabajo","Un familiar cercano","Yo y la Esclerosis M\u00faltiple"],"inLanguage":"eu-ES"},{"@type":"WebPage","@id":"https:\/\/www.adembi.org\/eu\/esklerosi-anizkoitzaren-progresioari-lotutako-lehen-aldaera-genetikoa-identifikatu-dute\/","url":"https:\/\/www.adembi.org\/eu\/esklerosi-anizkoitzaren-progresioari-lotutako-lehen-aldaera-genetikoa-identifikatu-dute\/","name":"MS progresiboarekin lotutako aldaera genetikoa - adembi","isPartOf":{"@id":"https:\/\/www.adembi.org\/eu\/#website"},"primaryImageOfPage":{"@id":"https:\/\/www.adembi.org\/eu\/esklerosi-anizkoitzaren-progresioari-lotutako-lehen-aldaera-genetikoa-identifikatu-dute\/#primaryimage"},"image":{"@id":"https:\/\/www.adembi.org\/eu\/esklerosi-anizkoitzaren-progresioari-lotutako-lehen-aldaera-genetikoa-identifikatu-dute\/#primaryimage"},"thumbnailUrl":"https:\/\/www.adembi.org\/wp-content\/uploads\/2025\/01\/variante-genetica.jpg","datePublished":"2025-01-23T11:09:34+00:00","dateModified":"2025-03-25T14:51:54+00:00","breadcrumb":{"@id":"https:\/\/www.adembi.org\/eu\/esklerosi-anizkoitzaren-progresioari-lotutako-lehen-aldaera-genetikoa-identifikatu-dute\/#breadcrumb"},"inLanguage":"eu-ES","potentialAction":[{"@type":"ReadAction","target":["https:\/\/www.adembi.org\/eu\/esklerosi-anizkoitzaren-progresioari-lotutako-lehen-aldaera-genetikoa-identifikatu-dute\/"]}]},{"@type":"ImageObject","inLanguage":"eu-ES","@id":"https:\/\/www.adembi.org\/eu\/esklerosi-anizkoitzaren-progresioari-lotutako-lehen-aldaera-genetikoa-identifikatu-dute\/#primaryimage","url":"https:\/\/www.adembi.org\/wp-content\/uploads\/2025\/01\/variante-genetica.jpg","contentUrl":"https:\/\/www.adembi.org\/wp-content\/uploads\/2025\/01\/variante-genetica.jpg","width":1000,"height":1498},{"@type":"BreadcrumbList","@id":"https:\/\/www.adembi.org\/eu\/esklerosi-anizkoitzaren-progresioari-lotutako-lehen-aldaera-genetikoa-identifikatu-dute\/#breadcrumb","itemListElement":[{"@type":"ListItem","position":1,"name":"Portada","item":"https:\/\/www.adembi.org\/eu\/"},{"@type":"ListItem","position":2,"name":"MS progresiboarekin lotutako aldaera genetikoa"}]},{"@type":"WebSite","@id":"https:\/\/www.adembi.org\/eu\/#website","url":"https:\/\/www.adembi.org\/eu\/","name":"adembi","description":"","publisher":{"@id":"https:\/\/www.adembi.org\/eu\/#organization"},"potentialAction":[{"@type":"SearchAction","target":{"@type":"EntryPoint","urlTemplate":"https:\/\/www.adembi.org\/eu\/?s={search_term_string}"},"query-input":{"@type":"PropertyValueSpecification","valueRequired":true,"valueName":"search_term_string"}}],"inLanguage":"eu-ES"},{"@type":"Organization","@id":"https:\/\/www.adembi.org\/eu\/#organization","name":"adembi","url":"https:\/\/www.adembi.org\/eu\/","logo":{"@type":"ImageObject","inLanguage":"eu-ES","@id":"https:\/\/www.adembi.org\/eu\/#\/schema\/logo\/image\/","url":"https:\/\/www.adembi.org\/wp-content\/uploads\/2025\/02\/adembi-logo.png","contentUrl":"https:\/\/www.adembi.org\/wp-content\/uploads\/2025\/02\/adembi-logo.png","width":718,"height":84,"caption":"adembi"},"image":{"@id":"https:\/\/www.adembi.org\/eu\/#\/schema\/logo\/image\/"}},{"@type":"Person","@id":"https:\/\/www.adembi.org\/eu\/#\/schema\/person\/44ff137fbcb302cc8533efc8c4cf5a64","name":"admin_cima","sameAs":["http:\/\/adembi.org"],"url":"https:\/\/www.adembi.org\/eu\/author\/admin_cima\/"}]}},"_links":{"self":[{"href":"https:\/\/www.adembi.org\/eu\/wp-json\/wp\/v2\/posts\/1518","targetHints":{"allow":["GET"]}}],"collection":[{"href":"https:\/\/www.adembi.org\/eu\/wp-json\/wp\/v2\/posts"}],"about":[{"href":"https:\/\/www.adembi.org\/eu\/wp-json\/wp\/v2\/types\/post"}],"author":[{"embeddable":true,"href":"https:\/\/www.adembi.org\/eu\/wp-json\/wp\/v2\/users\/1"}],"replies":[{"embeddable":true,"href":"https:\/\/www.adembi.org\/eu\/wp-json\/wp\/v2\/comments?post=1518"}],"version-history":[{"count":4,"href":"https:\/\/www.adembi.org\/eu\/wp-json\/wp\/v2\/posts\/1518\/revisions"}],"predecessor-version":[{"id":1767,"href":"https:\/\/www.adembi.org\/eu\/wp-json\/wp\/v2\/posts\/1518\/revisions\/1767"}],"wp:featuredmedia":[{"embeddable":true,"href":"https:\/\/www.adembi.org\/eu\/wp-json\/wp\/v2\/media\/1398"}],"wp:attachment":[{"href":"https:\/\/www.adembi.org\/eu\/wp-json\/wp\/v2\/media?parent=1518"}],"wp:term":[{"taxonomy":"category","embeddable":true,"href":"https:\/\/www.adembi.org\/eu\/wp-json\/wp\/v2\/categories?post=1518"},{"taxonomy":"post_tag","embeddable":true,"href":"https:\/\/www.adembi.org\/eu\/wp-json\/wp\/v2\/tags?post=1518"}],"curies":[{"name":"wp","href":"https:\/\/api.w.org\/{rel}","templated":true}]}}